{"id":37020,"date":"2024-09-19T14:30:00","date_gmt":"2024-09-19T14:30:00","guid":{"rendered":"https:\/\/rabassa.ventana.plus\/2026\/03\/18\/reformas-integrales-de-la-idea-al-hogar-perfecto\/"},"modified":"2026-03-18T23:21:59","modified_gmt":"2026-03-18T23:21:59","slug":"reformas-integrales-de-la-idea-al-hogar-perfecto","status":"publish","type":"post","link":"https:\/\/rabassa.ventana.plus\/fr\/reformas-integrales-de-la-idea-al-hogar-perfecto\/","title":{"rendered":"R\u00e9formes int\u00e9grales : de l'id\u00e9e \u00e0 la maison id\u00e9ale"},"content":{"rendered":"<p style=\"font-size:18px;font-weight:700\">Una reforma integral es mucho m\u00e1s que cambiar suelos y pintar paredes. Es transformar un espacio para adaptarlo a las necesidades actuales, mejorando la eficiencia energ\u00e9tica, la distribuci\u00f3n y los acabados. En Construcciones Rabassa ofrecemos un servicio completo desde el asesoramiento hasta la entrega llave en mano.<\/p>\n\n\n\n<figure class=\"wp-block-image alignright size-medium is-resized\" style=\"border-radius:12px;width:300px\"><img decoding=\"async\" src=\"\/wp-content\/uploads\/2016\/11\/portada05.jpg\" alt=\"\" style=\"border-radius:12px;width:300px\"\/><\/figure>\n\n\n\n\n\n\n\n<h3 class=\"wp-block-heading\">Servicio integral coordinado<\/h3>\n\n\n\n<p>Nuestro servicio incluye asesoramiento t\u00e9cnico, dise\u00f1o, gesti\u00f3n de permisos, ejecuci\u00f3n de obra y entrega llave en mano. Nuestro equipo de gremios cualificados \u2014alba\u00f1iles, electricistas, fontaneros, pintores, carpinteros\u2014 trabaja de forma coordinada para cumplir plazos y presupuestos sin sorpresas.<\/p>\n\n\n\n<blockquote class=\"wp-block-quote is-layout-flow wp-block-quote-is-layout-flow\"><p>Chaque projet est unique et fait l'objet d'une attention personnalis\u00e9e. De la r\u00e9novation d'une petite salle de bains \u00e0 la r\u00e9novation compl\u00e8te d'une maison, nous mettons le m\u00eame d\u00e9vouement et le m\u00eame professionnalisme.<\/p><\/blockquote>\n\n\n\n<h3 class=\"wp-block-heading\">Tu proyecto, nuestra prioridad<\/h3>\n\n\n\n<p>Con d\u00e9cadas de experiencia en Altea y la Marina Baixa, conocemos las particularidades de la construcci\u00f3n local y podemos anticipar los retos de cada proyecto. La clave de una reforma exitosa es la planificaci\u00f3n detallada y la coordinaci\u00f3n eficiente de todos los gremios implicados.<\/p>\n\n\n\n<figure class=\"wp-block-image alignleft size-medium is-resized\" style=\"border-radius:12px;width:280px\"><img decoding=\"async\" src=\"https:\/\/images.pexels.com\/photos\/534220\/pexels-photo-534220.jpeg?auto=compress&#038;cs=tinysrgb&#038;w=400\" alt=\"\" style=\"border-radius:12px;width:280px;height:280px;object-fit:cover;\"\/><\/figure>\n\n\n\n\n\n<hr class=\"wp-block-separator has-alpha-channel-opacity\"\/>\n\n\n\n<p><strong>\u00bfNecesita asesoramiento? Contacte con Construcciones Rabassa al 699 075 389 o visite nuestra p\u00e1gina de contacto.<\/strong><\/p>","protected":false},"excerpt":{"rendered":"<p>Une r\u00e9forme int\u00e9grale, c'est bien plus que changer les sols et peindre les murs. Il s'agit de transformer un espace pour l'adapter aux besoins de l'entreprise.<\/p>","protected":false},"author":0,"featured_media":1288,"comment_status":"open","ping_status":"open","sticky":false,"template":"","format":"standard","meta":{"footnotes":""},"categories":[112,109],"tags":[],"class_list":["post-37020","post","type-post","status-publish","format-standard","has-post-thumbnail","hentry","category-consejos","category-reformas"],"_links":{"self":[{"href":"https:\/\/rabassa.ventana.plus\/fr\/wp-json\/wp\/v2\/posts\/37020","targetHints":{"allow":["GET"]}}],"collection":[{"href":"https:\/\/rabassa.ventana.plus\/fr\/wp-json\/wp\/v2\/posts"}],"about":[{"href":"https:\/\/rabassa.ventana.plus\/fr\/wp-json\/wp\/v2\/types\/post"}],"replies":[{"embeddable":true,"href":"https:\/\/rabassa.ventana.plus\/fr\/wp-json\/wp\/v2\/comments?post=37020"}],"version-history":[{"count":3,"href":"https:\/\/rabassa.ventana.plus\/fr\/wp-json\/wp\/v2\/posts\/37020\/revisions"}],"predecessor-version":[{"id":37112,"href":"https:\/\/rabassa.ventana.plus\/fr\/wp-json\/wp\/v2\/posts\/37020\/revisions\/37112"}],"wp:featuredmedia":[{"embeddable":true,"href":"https:\/\/rabassa.ventana.plus\/fr\/wp-json\/wp\/v2\/media\/1288"}],"wp:attachment":[{"href":"https:\/\/rabassa.ventana.plus\/fr\/wp-json\/wp\/v2\/media?parent=37020"}],"wp:term":[{"taxonomy":"category","embeddable":true,"href":"https:\/\/rabassa.ventana.plus\/fr\/wp-json\/wp\/v2\/categories?post=37020"},{"taxonomy":"post_tag","embeddable":true,"href":"https:\/\/rabassa.ventana.plus\/fr\/wp-json\/wp\/v2\/tags?post=37020"}],"curies":[{"name":"wp","href":"https:\/\/api.w.org\/{rel}","templated":true}]}}